{"id":292633,"date":"2025-04-20T17:07:52","date_gmt":"2025-04-20T17:07:52","guid":{"rendered":"https:\/\/demo.zealousweb.com\/wordpress-plugins\/accept-stripe-payments-using-contact-form-7\/?p=292633"},"modified":"2026-04-20T15:07:59","modified_gmt":"2026-04-20T15:07:59","slug":"le-carboneutralisme-une-revolution-dans-la-mobilite-durable","status":"publish","type":"post","link":"https:\/\/demo.zealousweb.com\/wordpress-plugins\/accept-stripe-payments-using-contact-form-7\/?p=292633","title":{"rendered":"Le Carboneutralisme : Une R\u00e9volution dans la Mobilit\u00e9 Durable"},"content":{"rendered":"<p>\nDans un contexte mondial marqu\u00e9 par la crise climatique et la n\u00e9cessit\u00e9 de r\u00e9duire significativement les \u00e9missions de gaz \u00e0 effet de serre, la question de la mobilit\u00e9 durable occupe une place centrale. Longtemps cantonn\u00e9e \u00e0 une simple substitution technologique, la transition vers un mod\u00e8le \u00ab carboneutre \u00bb s\u2019impose d\u00e9sormais comme une v\u00e9ritable transformation syst\u00e9mique, mobilisant acteurs publics, priv\u00e9s et citoyens. Au c\u0153ur de cette dynamique \u00e9mergente, le concept de <em>carboneutralisme<\/em> devient une cl\u00e9 pour comprendre comment repenser nos modes de d\u00e9placement, tout en respectant nos engagements environnementaux et sociaux.\n<\/p>\n<h2>Le Principe \u00c9mergent du Carboneutralisme<\/h2>\n<p>\nL\u2019id\u00e9e de <strong>carboneutralit\u00e9<\/strong>\u2014 ou neutralit\u00e9 carbone\u2014 repose sur le principe qu\u2019il est possible d\u2019\u00e9quilibrer les \u00e9missions de CO<sub>2<\/sub> g\u00e9n\u00e9r\u00e9es par notre activit\u00e9 avec des actions de compensation telles que la reforestation ou l\u2019utilisation accrue des \u00e9nergies renouvelables. Ce concept, initialement d\u00e9velopp\u00e9 dans le cadre des strat\u00e9gies climatiques nationales, a connu une \u00e9volution remarquable gr\u00e2ce aux avanc\u00e9es technologiques et \u00e0 l\u2019engagement accru des entreprises et collectivit\u00e9s.\n<\/p>\n<p>\nMais pour que cette ambition devienne une r\u00e9alit\u00e9 quotidienne, un changement profond doit s\u2019op\u00e9rer dans nos choix de mobilit\u00e9. Ainsi, le <a aria-label=\"site louloubet\" href=\"https:\/\/louloubet.fr\/\">site louloubet<\/a> offre une expertise pr\u00e9cieuse dans ce domaine, en mettant en avant des projets innovants et des solutions concr\u00e8tes pour r\u00e9duire l\u2019empreinte carbone dans le secteur des transports.\n<\/p>\n<h2>La Mobilit\u00e9, Un Enjeu Vital Pour la Transition \u00c9cologique<\/h2>\n<p>\nLes transports repr\u00e9sentent aujourd\u2019hui environ 27% des \u00e9missions de CO<sub>2<\/sub> li\u00e9es \u00e0 l\u2019\u00e9nergie au niveau mondial (selon l\u2019Agence Internationale de l\u2019\u00c9nergie, 2022). La majorit\u00e9 de ces \u00e9missions proviennent d\u2019un usage massif de v\u00e9hicules thermiques, de logistique inefficace et d\u2019une urbanisation souvent d\u00e9s\u00e9quilibr\u00e9e.\n<\/p>\n<div class=\"highlight\">\n<h3>Tableau 1 : \u00c9missions de CO<sub>2<\/sub> par sectorisation dans le secteur des transports (2022)<\/h3>\n<table>\n<thead>\n<tr>\n<th>Secteur<\/th>\n<th>% des \u00e9missions globales<\/th>\n<th>Actions cl\u00e9s<\/th>\n<\/tr>\n<\/thead>\n<tbody>\n<tr>\n<td>Transport routier (voitures, camions)<\/td>\n<td>72%<\/td>\n<td>Electrification, mobilit\u00e9 partag\u00e9e, v\u00e9hicules hybrides<\/td>\n<\/tr>\n<tr>\n<td>Transport a\u00e9rien<\/td>\n<td>15%<\/td>\n<td>Correspondances en trains, biocarburants, innovations technologiques<\/td>\n<\/tr>\n<tr>\n<td>Transport maritime<\/td>\n<td>8%<\/td>\n<td>Supersonie, carburants alternatifs, optimisation logistique<\/td>\n<\/tr>\n<tr>\n<td>Autres (train, v\u00e9lo, marche)<\/td>\n<td>5%<\/td>\n<td>Promotion des modes actifs, infrastructures d\u00e9di\u00e9es<\/td>\n<\/tr>\n<\/tbody>\n<\/table>\n<\/div>\n<h2>Innovations et Solutions pour une Mobilit\u00e9 Carboneutre<\/h2>\n<p>\nLe site site louloubet constitue une r\u00e9f\u00e9rence incontournable pour explorer comment les nouvelles solutions technologiques et organisationnelles convergent vers une mobilit\u00e9 durable et carboneutre. Parmi celles-ci, on peut notamment citer :\n<\/p>\n<ul>\n<li><strong>V\u00e9hicules \u00e9lectriques et hydrog\u00e8ne :<\/strong> La mise \u00e0 disposition de flottes de v\u00e9hicules \u00e9lectrifi\u00e9s dans les entreprises permet de r\u00e9duire jusqu\u2019\u00e0 70% des \u00e9missions par rapport aux v\u00e9hicules thermiques traditionnels.<\/li>\n<li><strong>Mobilit\u00e9 partag\u00e9e et multimodale :<\/strong> Encourager le covoiturage, l\u2019usage de v\u00e9los en libre-service ou encore l\u2019int\u00e9gration des r\u00e9seaux de transport en commun favorisent une r\u00e9duction globale de l\u2019empreinte carbone.<\/li>\n<li><strong>Smart Cities et infrastructures intelligentes :<\/strong> La gestion optimis\u00e9e du trafic et la planification urbaine int\u00e9gr\u00e9e limitent la congestion et les \u00e9missions li\u00e9es \u00e0 l\u2019attente ou aux d\u00e9tours.<\/li>\n<li><strong>Solutions de compensation carbone :<\/strong> L\u2019investissement dans des projets de reforestation ou de captation de CO<sub>2<\/sub> en dehors du secteur transport continue d\u2019\u00e9voluer, accompagnant la d\u00e9carbonation progressive.<\/li>\n<\/ul>\n<h2>Une Approche Holistique pour l\u2019Avenir<\/h2>\n<p>\nL\u2019objectif ultime n\u2019est pas seulement de remplacer les v\u00e9hicules \u00e0 combustion par des v\u00e9hicules \u00e9lectriques, mais d\u2019adopter une philosophie int\u00e9gr\u00e9e selon laquelle chaque acteur, individu ou organisation, contribue activement \u00e0 un avenir neutre en carbone. La r\u00e9ussite de cette transition repose en grande partie sur la capacit\u00e9 \u00e0 cr\u00e9er des synergies entre innovations technologiques, politiques publiques et comportements citoyens, notamment ceux illustr\u00e9s sur site louloubet.\n<\/p>\n<blockquote><p>\n  &#8220;L\u2019\u00e9volution vers une mobilit\u00e9 respectueuse du climat est une opportunit\u00e9 sans pr\u00e9c\u00e9dent pour repenser notre rapport \u00e0 l\u2019espace, \u00e0 la technologie, et \u00e0 la soci\u00e9t\u00e9. Le d\u00e9fi consiste \u00e0 transformer cette ambition en r\u00e9elle action concr\u00e8te.&#8221; \u2014 Expert en durabilit\u00e9 urbaine\n<\/p><\/blockquote>\n<h2>Conclusion : Vers une Mobilit\u00e9 V\u00e9ritablement Carboneutre<\/h2>\n<p>\nLes avanc\u00e9es technologiques, appuy\u00e9es par des politiques incitatives et une sensibilisation accrue du public, rendent d\u00e9sormais envisageable un futur o\u00f9 la mobilit\u00e9 ne sera plus une source majeure d\u2019\u00e9missions de CO<sub>2<\/sub>. Le d\u00e9veloppement et la diffusion de bonnes pratiques, tels que ceux pr\u00e9sent\u00e9s sur site louloubet, sont essentiels pour accompagner cette transition \u00e9cologique, durable et \u00e9quitable.\n<\/p>\n<p style=\"margin-top:2em; font-weight:bold;\">Ce d\u00e9fi collectif invite chaque acteur \u00e0 se mobiliser pour transformer la vision d\u2019une mobilit\u00e9 carboneutre en r\u00e9alit\u00e9 tangible, symbole d\u2019un changement de paradigme vers un avenir plus respectueux de notre plan\u00e8te.<\/p>\n","protected":false},"excerpt":{"rendered":"<p>Dans un contexte mondial marqu\u00e9 par la crise climatique et la n\u00e9cessit\u00e9 de r\u00e9duire significativement les \u00e9missions de gaz \u00e0 effet de serre, la question de la mobilit\u00e9 durable occupe une place centrale. Longtemps cantonn\u00e9e \u00e0 une simple substitution technologique, la transition vers un mod\u00e8le \u00ab carboneutre \u00bb s\u2019impose d\u00e9sormais comme une v\u00e9ritable transformation syst\u00e9mique, [&hellip;]<\/p>\n","protected":false},"author":2,"featured_media":0,"comment_status":"open","ping_status":"open","sticky":false,"template":"","format":"standard","meta":{"_acf_changed":false,"footnotes":""},"categories":[1],"tags":[],"class_list":["post-292633","post","type-post","status-publish","format-standard","hentry","category-uncategorized"],"acf":[],"_links":{"self":[{"href":"https:\/\/demo.zealousweb.com\/wordpress-plugins\/accept-stripe-payments-using-contact-form-7\/index.php?rest_route=\/wp\/v2\/posts\/292633","targetHints":{"allow":["GET"]}}],"collection":[{"href":"https:\/\/demo.zealousweb.com\/wordpress-plugins\/accept-stripe-payments-using-contact-form-7\/index.php?rest_route=\/wp\/v2\/posts"}],"about":[{"href":"https:\/\/demo.zealousweb.com\/wordpress-plugins\/accept-stripe-payments-using-contact-form-7\/index.php?rest_route=\/wp\/v2\/types\/post"}],"author":[{"embeddable":true,"href":"https:\/\/demo.zealousweb.com\/wordpress-plugins\/accept-stripe-payments-using-contact-form-7\/index.php?rest_route=\/wp\/v2\/users\/2"}],"replies":[{"embeddable":true,"href":"https:\/\/demo.zealousweb.com\/wordpress-plugins\/accept-stripe-payments-using-contact-form-7\/index.php?rest_route=%2Fwp%2Fv2%2Fcomments&post=292633"}],"version-history":[{"count":1,"href":"https:\/\/demo.zealousweb.com\/wordpress-plugins\/accept-stripe-payments-using-contact-form-7\/index.php?rest_route=\/wp\/v2\/posts\/292633\/revisions"}],"predecessor-version":[{"id":292636,"href":"https:\/\/demo.zealousweb.com\/wordpress-plugins\/accept-stripe-payments-using-contact-form-7\/index.php?rest_route=\/wp\/v2\/posts\/292633\/revisions\/292636"}],"wp:attachment":[{"href":"https:\/\/demo.zealousweb.com\/wordpress-plugins\/accept-stripe-payments-using-contact-form-7\/index.php?rest_route=%2Fwp%2Fv2%2Fmedia&parent=292633"}],"wp:term":[{"taxonomy":"category","embeddable":true,"href":"https:\/\/demo.zealousweb.com\/wordpress-plugins\/accept-stripe-payments-using-contact-form-7\/index.php?rest_route=%2Fwp%2Fv2%2Fcategories&post=292633"},{"taxonomy":"post_tag","embeddable":true,"href":"https:\/\/demo.zealousweb.com\/wordpress-plugins\/accept-stripe-payments-using-contact-form-7\/index.php?rest_route=%2Fwp%2Fv2%2Ftags&post=292633"}],"curies":[{"name":"wp","href":"https:\/\/api.w.org\/{rel}","templated":true}]}}